{"id":769,"date":"2022-12-23T00:01:00","date_gmt":"2022-12-22T23:01:00","guid":{"rendered":"https:\/\/magische-nordlichter.de\/?p=769"},"modified":"2022-12-11T10:35:53","modified_gmt":"2022-12-11T09:35:53","slug":"adventskalender_2022_23","status":"publish","type":"post","link":"https:\/\/magische-nordlichter.de\/?p=769","title":{"rendered":"Adventskalender_2022_23"},"content":{"rendered":"\n<figure class=\"wp-block-image size-full\"><img loading=\"lazy\" decoding=\"async\" width=\"824\" height=\"163\" src=\"https:\/\/magische-nordlichter.de\/wp-content\/uploads\/2021\/11\/MN-Advent_1.png\" alt=\"\" class=\"wp-image-337\" srcset=\"https:\/\/magische-nordlichter.de\/wp-content\/uploads\/2021\/11\/MN-Advent_1.png 824w, https:\/\/magische-nordlichter.de\/wp-content\/uploads\/2021\/11\/MN-Advent_1-300x59.png 300w, https:\/\/magische-nordlichter.de\/wp-content\/uploads\/2021\/11\/MN-Advent_1-768x152.png 768w\" sizes=\"auto, (max-width: 709px) 85vw, (max-width: 909px) 67vw, (max-width: 984px) 61vw, (max-width: 1362px) 45vw, 600px\" \/><\/figure>\n\n\n\n<p>Hinter dem heutigem T\u00fcrchen ist eine Weihnachtsgeschichte. Die k\u00f6nnt Ihr gerne <a href=\"https:\/\/magische-nordlichter.de\/wp-content\/uploads\/2022\/12\/Die_Christbaumkugel_von_Axel_Hacke.pdf\" data-type=\"URL\" data-id=\"https:\/\/magische-nordlichter.de\/wp-content\/uploads\/2022\/12\/Die_Christbaumkugel_von_Axel_Hacke.pdf\" target=\"_blank\" rel=\"noreferrer noopener\">ausdrucken<\/a> und vorlesen oder ihr spielt den Youtube-Link ab und genie\u00dft einfach diese wundervolle kurz Geschichte. Viel Spass beim Lesen und Vorlesen!<\/p>\n\n\n\n<p><strong>Die Christbaumkugel<\/strong><br>Nun haben wir August: Weihnachten ist schon eine Weile her. Auf der Kommode im Flur liegt immer noch eine riesige lilafarbene Christbaumkugel. Paola hatte sie zur Weihnachtszeit \u00fcber dem Spiegel im Flur aufgeh\u00e4ngt, das sah sehr sch\u00f6n aus und war ziemlich praktisch. Der Spiegel ist gleich gegen\u00fcber der Wohnungst\u00fcr, und wenn man vor Weihnachten hereinkam, sah man als erstes diese riesige Christbaumkugel und wusste sofort: Aha, jetzt ist also Weihnachtszeit. Nur falls man es vergessen hatte. Nach Weihnachten wurde die Kugel abgeh\u00e4ngt und f\u00fcrs Erste auf die Kommode gelegt, damit sie in den Keller gebracht werden konnte. Aber sie ist immer noch dort. Und es ist keine Weihnachtszeit, beim besten Willen nicht. \u201eMan m\u00fcsste die Christbaumkugel in den Keller bringen\u201c, sagt Paola ab und zu. \u201eJemand k\u00f6nnte mal die Christbaumkugel hier weg tun, in den Keller vielleicht\u201c, sage ich dann und wann. Manchmal kommt es mir so vor, als ob in unserer Wohnung noch drei andere Personen lebten, au\u00dfer Paola, Luis, mir und Bosch, meinem sehr alten K\u00fchlschrank und Freund. Diese drei anderen Personen sind: Herr Man, Frau Jemand und Fr\u00e4ulein Einer. Um die Wahrheit \u00fcber diese drei zu sagen: Sie sind stinkfaul. Sie beteiligen sich an keiner Weise am Gemeinschaftsleben. Sie tun \u00fcberhaupt nichts. Ich sage: \u201cMan m\u00fcsste mal die Blumen auf dem Balkon gie\u00dfen.\u201c Aber Man tut es nicht. Paola sagt: \u201eJemand m\u00fcsste mal deinen Tennisschl\u00e4ger beiseite r\u00e4umen.\u201c Aber Jemand ist nirgendwo in Sicht. Ich sage:\u201c Einer m\u00fcsste unbedingt das Altglas wegbringen.\u201c Aber das Altglas bleibt da, nichts zu sehen von Einer. Der Fall der Christbaumkugel ist besonders schwierig. Es war, glaube ich, Anfang M\u00e4rz, Als Paola ihretwegen einen Wutanfall bekam. Sie schrie, diese Christbaumkugel m\u00fcsse hier endlich wegger\u00e4umt werden, wenn sie nicht bald wegger\u00e4umt werde, dann werde sie das Ding aus dem Fenster werfen, sie k\u00f6nne es nicht mehr sehen. Man beachte nun hier die Formel \u201emuss hier endlich wegger\u00e4umt werden\u201c. Es handelt sich um das sogenannte Partnerschafts-Passiv, eine in Beziehungen sehr allt\u00e4glichen Art zu sprechen, wenn es um Dinge geht, die unbedingt getan werden m\u00fcssen, die man selbst aber um keinen Preis der Welt tun m\u00f6chte. Es gibt ja so gewisse Dinge, die man einfach \u00fcberhaupt nicht gerne tut, bei jedem ist es etwas anderes: Ich pers\u00f6nlich hasse das Bohren von L\u00f6chern (zum Bildaufh\u00e4ngen oder Regalbefestigen) wie nichts auf der Welt. Paola verachtet das Blumengie\u00dfen, als w\u00e4re es der Abschaum unter den T\u00e4tigkeiten. Wenn nun L\u00f6cher gebohrt oder Blumen gegossen werden m\u00fcssen, man selbst es aber einerseits nicht tun m\u00f6chte, andererseits aber aus internen Gr\u00fcnden nicht direkt den Partnerdazu auffordern will \u201eKannst du nicht hier endlich&#8230;?!\u201c Mit der Christbaumkugel war es nun so, dass sich eines Tages mehrere Gegenst\u00e4nde angesammelt hatten, die in den Keller gebracht werden mussten, darunter eine Reisetasche. Ich packe ungef\u00e4hr im April in einem Anfall von Entschlusskraft alles in die Reisetasche, trug sie in den Keller und stellte die Tasche dort ab, samt Kugel. Ein paar Wochen sp\u00e4ter musste Paola \u00fcber das Wochenende verreisen. Sie holte sich aus dem Keller die Reisetasche und bemerkte erst in der Wohnung, dass die Christbaumkugel noch drin war. \u201eDie Reisetasche h\u00e4tte im Keller ausgepackt werden m\u00fcssen\u201c, sagte Paola und legte die Christbaumkugel wieder auf die Kommode im Flur, wo sie sich, wie gesagt, immer noch befindet. Wir haben nun schon August. Eigentlich lohnt es sich gar nicht mehr, die Kugel noch in den Keller zu bringen. F\u00fcr die paar Monate. Weihnachten m\u00fcsste sie ja doch nur wieder nach oben gebracht werden. Oder Jemand m\u00fcsste sie holen. Oder Einer. Oder Man. (Axel Hacke)<\/p>\n\n\n\n<figure class=\"wp-block-embed is-type-video is-provider-youtube wp-block-embed-youtube wp-embed-aspect-4-3 wp-has-aspect-ratio\"><div class=\"wp-block-embed__wrapper\">\n<iframe loading=\"lazy\" title=\"Axel Hacke Das Beste aus meinem Leben (2-16)\" width=\"840\" height=\"630\" src=\"https:\/\/www.youtube.com\/embed\/8JMIFToAdEs?feature=oembed\" frameborder=\"0\" allow=\"accelerometer; autoplay; clipboard-write; encrypted-media; gyroscope; picture-in-picture\" allowfullscreen><\/iframe>\n<\/div><\/figure>\n","protected":false},"excerpt":{"rendered":"<p>Hinter dem heutigem T\u00fcrchen ist eine Weihnachtsgeschichte. Die k\u00f6nnt Ihr gerne ausdrucken und vorlesen oder ihr spielt den Youtube-Link ab und genie\u00dft einfach diese wundervolle kurz Geschichte. Viel Spass beim Lesen und Vorlesen! Die ChristbaumkugelNun haben wir August: Weihnachten ist schon eine Weile her. Auf der Kommode im Flur liegt immer noch eine riesige lilafarbene &hellip; <a href=\"https:\/\/magische-nordlichter.de\/?p=769\" class=\"more-link\"><span class=\"screen-reader-text\">\u201eAdventskalender_2022_23\u201c <\/span>weiterlesen<\/a><\/p>\n","protected":false},"author":1,"featured_media":0,"comment_status":"closed","ping_status":"closed","sticky":false,"template":"","format":"standard","meta":{"footnotes":""},"categories":[24],"tags":[],"class_list":["post-769","post","type-post","status-publish","format-standard","hentry","category-adventskalender_2022_archiv"],"publishpress_future_action":{"enabled":false,"date":"2026-05-08 14:43:01","action":"category","newStatus":"draft","terms":[],"taxonomy":"category","extraData":[]},"publishpress_future_workflow_manual_trigger":{"enabledWorkflows":[]},"_links":{"self":[{"href":"https:\/\/magische-nordlichter.de\/index.php?rest_route=\/wp\/v2\/posts\/769","targetHints":{"allow":["GET"]}}],"collection":[{"href":"https:\/\/magische-nordlichter.de\/index.php?rest_route=\/wp\/v2\/posts"}],"about":[{"href":"https:\/\/magische-nordlichter.de\/index.php?rest_route=\/wp\/v2\/types\/post"}],"author":[{"embeddable":true,"href":"https:\/\/magische-nordlichter.de\/index.php?rest_route=\/wp\/v2\/users\/1"}],"replies":[{"embeddable":true,"href":"https:\/\/magische-nordlichter.de\/index.php?rest_route=%2Fwp%2Fv2%2Fcomments&post=769"}],"version-history":[{"count":5,"href":"https:\/\/magische-nordlichter.de\/index.php?rest_route=\/wp\/v2\/posts\/769\/revisions"}],"predecessor-version":[{"id":779,"href":"https:\/\/magische-nordlichter.de\/index.php?rest_route=\/wp\/v2\/posts\/769\/revisions\/779"}],"wp:attachment":[{"href":"https:\/\/magische-nordlichter.de\/index.php?rest_route=%2Fwp%2Fv2%2Fmedia&parent=769"}],"wp:term":[{"taxonomy":"category","embeddable":true,"href":"https:\/\/magische-nordlichter.de\/index.php?rest_route=%2Fwp%2Fv2%2Fcategories&post=769"},{"taxonomy":"post_tag","embeddable":true,"href":"https:\/\/magische-nordlichter.de\/index.php?rest_route=%2Fwp%2Fv2%2Ftags&post=769"}],"curies":[{"name":"wp","href":"https:\/\/api.w.org\/{rel}","templated":true}]}}